{"id":1,"date":"2022-02-04T09:41:08","date_gmt":"2022-02-04T09:41:08","guid":{"rendered":"http:\/\/www.promusicakrosno.pl\/?p=1"},"modified":"2022-02-04T20:13:17","modified_gmt":"2022-02-04T20:13:17","slug":"witamy","status":"publish","type":"post","link":"https:\/\/promusicakrosno.pl\/index.php\/2022\/02\/04\/witamy\/","title":{"rendered":"O nas"},"content":{"rendered":"\t\t<div data-elementor-type=\"wp-post\" data-elementor-id=\"1\" class=\"elementor elementor-1\">\n\t\t\t\t\t\t<section class=\"elementor-section elementor-top-section elementor-element elementor-element-4c5e3de6 elementor-section-boxed elementor-section-height-default elementor-section-height-default\" data-id=\"4c5e3de6\" data-element_type=\"section\">\n\t\t\t\t\t\t<div class=\"elementor-container elementor-column-gap-default\">\n\t\t\t\t\t<div class=\"elementor-column elementor-col-100 elementor-top-column elementor-element elementor-element-11607abe\" data-id=\"11607abe\" data-element_type=\"column\">\n\t\t\t<div class=\"elementor-widget-wrap elementor-element-populated\">\n\t\t\t\t\t\t<div class=\"elementor-element elementor-element-6350579c elementor-widget elementor-widget-text-editor\" data-id=\"6350579c\" data-element_type=\"widget\" data-widget_type=\"text-editor.default\">\n\t\t\t\t<div class=\"elementor-widget-container\">\n\t\t\t\t\t\t\t\t\t<blockquote><p style=\"text-align: center;\"><span style=\"color: #000000;\">Szko\u0142a Muzyczna &#8222;PRO MUSICA&#8221; I\u00a0i II stopnia<br \/>&#8211; Anny i\u00a0Adama M\u00fcnzberger\u00f3w<br \/>dzia\u0142a na terenie Krosna od\u00a01989\u00a0roku.<\/span><\/p><p style=\"text-align: center;\"><span style=\"color: #000000;\">Prywatna Szko\u0142a Muzyczna I\u00a0i II stopnia\u00a0PRO MUSICA\u00a0w Kro\u015bnie\u00a0posiada uprawnienia szko\u0142y publicznej &#8211; to znaczy &#8211; realizuje program nauczania okre\u015blony przez Ministerstwo Kultury i\u00a0Sztuki oraz wydaje \u015bwiadectwa uko\u0144czenia szko\u0142y muzycznej I\u00a0i II stopnia.<\/span><\/p><p style=\"text-align: center;\"><span style=\"color: #000000;\">Szko\u0142a Muzyczna Pro Musica w\u00a0Kro\u015bne\u00a0dodatkowo posiada sw\u00f3j autorski program.<\/span><\/p><p style=\"text-align: center;\"><span style=\"color: #000000;\">Za\u0142o\u017cycielami szko\u0142y jest ma\u0142\u017ce\u0144stwo\u00a0mgr mgr Anna\u00a0i\u00a0Adam M\u00fcnzbergerowie, absolwenci Pa\u0144stwowej Wy\u017cszej Szko\u0142y Muzycznej w\u00a0Warszawie, maj\u0105cy uko\u0144czone tam\u017ce Studia Podyplomowe i\u00a0III stopie\u0144 specjalizacji zawodowej w\u00a0zakresie metodyki nauczania muzyki.<\/span><br \/><span style=\"color: #000000;\">Anna i\u00a0Adam M\u00fcnzbergerowie kszta\u0142c\u0105 obecnie ju\u017c drugie pokolenie muzyk\u00f3w. Przez lata dali si\u0119 pozna\u0107 nie tylko jako znakomici pedagodzy, ale r\u00f3wnie\u017c jako czynni muzycy.<\/span><\/p><\/blockquote>\t\t\t\t\t\t\t\t<\/div>\n\t\t\t\t<\/div>\n\t\t\t\t\t<\/div>\n\t\t<\/div>\n\t\t\t\t\t<\/div>\n\t\t<\/section>\n\t\t\t\t<section class=\"elementor-section elementor-top-section elementor-element elementor-element-b1e0b92 elementor-section-boxed elementor-section-height-default elementor-section-height-default\" data-id=\"b1e0b92\" data-element_type=\"section\">\n\t\t\t\t\t\t<div class=\"elementor-container elementor-column-gap-default\">\n\t\t\t\t\t<div class=\"elementor-column elementor-col-100 elementor-top-column elementor-element elementor-element-36e6049\" data-id=\"36e6049\" data-element_type=\"column\">\n\t\t\t<div class=\"elementor-widget-wrap elementor-element-populated\">\n\t\t\t\t\t\t<div class=\"elementor-element elementor-element-eeaa21e elementor-widget elementor-widget-image\" data-id=\"eeaa21e\" data-element_type=\"widget\" data-widget_type=\"image.default\">\n\t\t\t\t<div class=\"elementor-widget-container\">\n\t\t\t\t\t\t\t\t\t\t\t\t\t\t\t<img decoding=\"async\" src=\"http:\/\/www.promusicakrosno.pl\/wp-content\/uploads\/2022\/02\/anna.jpg\" title=\"\" alt=\"\" loading=\"lazy\" \/>\t\t\t\t\t\t\t\t\t\t\t\t\t\t\t<\/div>\n\t\t\t\t<\/div>\n\t\t\t\t\t<\/div>\n\t\t<\/div>\n\t\t\t\t\t<\/div>\n\t\t<\/section>\n\t\t\t\t<section class=\"elementor-section elementor-top-section elementor-element elementor-element-19073b0 elementor-section-boxed elementor-section-height-default elementor-section-height-default\" data-id=\"19073b0\" data-element_type=\"section\">\n\t\t\t\t\t\t<div class=\"elementor-container elementor-column-gap-default\">\n\t\t\t\t\t<div class=\"elementor-column elementor-col-100 elementor-top-column elementor-element elementor-element-738eeeb\" data-id=\"738eeeb\" data-element_type=\"column\">\n\t\t\t<div class=\"elementor-widget-wrap elementor-element-populated\">\n\t\t\t\t\t\t<div class=\"elementor-element elementor-element-e1ef8ce elementor-widget elementor-widget-text-editor\" data-id=\"e1ef8ce\" data-element_type=\"widget\" data-widget_type=\"text-editor.default\">\n\t\t\t\t<div class=\"elementor-widget-container\">\n\t\t\t\t\t\t\t\t\t<blockquote><p><strong>\u00a0\u00a0\u00a0\u00a0\u00a0 Anna<\/strong>\u00a0\u2013 z\u00a0du\u017cym powodzeniem\u00a0 prowadzi\u0142a Ch\u00f3r Mi\u0119dzyszkolny oraz ch\u00f3ry w\u00a0Studium Nauczycielskim i\u00a0Wy\u017cszej Szkole Pedagogicznej, kt\u00f3re zdobywa\u0142y laury w\u00a0og\u00f3lnopolskich przegl\u0105dach ch\u00f3r\u00f3w szkolnych a\u2019 capella (m.in. Z\u0142ote Kamertony w\u00a01987 r. w\u00a0Kaliszu i\u00a0w 1988 r. w\u00a0Bydgoszczy). W\u00a0Ch\u00f3rze Mi\u0119dzyszkolnym w\u00a0Kro\u015bnie \u015bpiewa\u0142 m.in. Robert Rozmus, obecnie znany, \u015bpiewaj\u0105cy aktor.<\/p><\/blockquote>\t\t\t\t\t\t\t\t<\/div>\n\t\t\t\t<\/div>\n\t\t\t\t\t<\/div>\n\t\t<\/div>\n\t\t\t\t\t<\/div>\n\t\t<\/section>\n\t\t\t\t<section class=\"elementor-section elementor-top-section elementor-element elementor-element-5b10a63 elementor-section-boxed elementor-section-height-default elementor-section-height-default\" data-id=\"5b10a63\" data-element_type=\"section\">\n\t\t\t\t\t\t<div class=\"elementor-container elementor-column-gap-default\">\n\t\t\t\t\t<div class=\"elementor-column elementor-col-100 elementor-top-column elementor-element elementor-element-dbc11a2\" data-id=\"dbc11a2\" data-element_type=\"column\">\n\t\t\t<div class=\"elementor-widget-wrap elementor-element-populated\">\n\t\t\t\t\t\t<div class=\"elementor-element elementor-element-1ebed4d elementor-widget elementor-widget-image\" data-id=\"1ebed4d\" data-element_type=\"widget\" data-widget_type=\"image.default\">\n\t\t\t\t<div class=\"elementor-widget-container\">\n\t\t\t\t\t\t\t\t\t\t\t\t\t\t\t<img decoding=\"async\" src=\"http:\/\/www.promusicakrosno.pl\/wp-content\/uploads\/2022\/02\/adam.jpg\" title=\"\" alt=\"\" loading=\"lazy\" \/>\t\t\t\t\t\t\t\t\t\t\t\t\t\t\t<\/div>\n\t\t\t\t<\/div>\n\t\t\t\t\t<\/div>\n\t\t<\/div>\n\t\t\t\t\t<\/div>\n\t\t<\/section>\n\t\t\t\t<section class=\"elementor-section elementor-top-section elementor-element elementor-element-2f9a555 elementor-section-boxed elementor-section-height-default elementor-section-height-default\" data-id=\"2f9a555\" data-element_type=\"section\">\n\t\t\t\t\t\t<div class=\"elementor-container elementor-column-gap-default\">\n\t\t\t\t\t<div class=\"elementor-column elementor-col-100 elementor-top-column elementor-element elementor-element-bf99557\" data-id=\"bf99557\" data-element_type=\"column\">\n\t\t\t<div class=\"elementor-widget-wrap elementor-element-populated\">\n\t\t\t\t\t\t<div class=\"elementor-element elementor-element-dd9c30e elementor-widget elementor-widget-text-editor\" data-id=\"dd9c30e\" data-element_type=\"widget\" data-widget_type=\"text-editor.default\">\n\t\t\t\t<div class=\"elementor-widget-container\">\n\t\t\t\t\t\t\t\t\t<blockquote><p><strong>Adam<\/strong>\u00a0\u2013 opr\u00f3cz solist\u00f3w i\u00a0zespo\u0142\u00f3w wokalnych, zdobywaj\u0105cych nagrody w\u00a0og\u00f3lnopolskich konkursach, prowadzi\u0142 orkiestry szkolne, a\u00a0w latach 1976-1990 big-band VITRO BAND przy Kro\u015bnie\u0144skich Hutach Szk\u0142a. VITRO BAND koncertowa\u0142 w\u00a0kraju i\u00a0wielokrotnie za granic\u0105. Solistami byli w\u00a0nim m.in. Lora Szafran (obecnie jedna z\u00a0najlepszych polskich wokalistek jazzowych) i\u00a0puzonista Roman Syrek (g\u0142\u00f3wna nagroda na Festiwalu Jazzu Tradycyjnego \u201eZ\u0142ota Tarka\u201d \u2013\u00a0 Warszawa 1981r.). Od kilku lat jest tak\u017ce aran\u017cerem i\u00a0dyrektorem artystycznym zespo\u0142u\u00a0<a href=\"http:\/\/www.promusicakrosno.pl\/pl\/aktualnosci\/57.html\">PRO MUSICA GRAND STANDARD ORCHESTRA<\/a>.<\/p><\/blockquote>\t\t\t\t\t\t\t\t<\/div>\n\t\t\t\t<\/div>\n\t\t\t\t\t<\/div>\n\t\t<\/div>\n\t\t\t\t\t<\/div>\n\t\t<\/section>\n\t\t\t\t<section class=\"elementor-section elementor-top-section elementor-element elementor-element-e69c036 elementor-section-boxed elementor-section-height-default elementor-section-height-default\" data-id=\"e69c036\" data-element_type=\"section\">\n\t\t\t\t\t\t<div class=\"elementor-container elementor-column-gap-default\">\n\t\t\t\t\t<div class=\"elementor-column elementor-col-100 elementor-top-column elementor-element elementor-element-113ca1e\" data-id=\"113ca1e\" data-element_type=\"column\">\n\t\t\t<div class=\"elementor-widget-wrap elementor-element-populated\">\n\t\t\t\t\t\t<div class=\"elementor-element elementor-element-d2ec041 elementor-widget elementor-widget-text-editor\" data-id=\"d2ec041\" data-element_type=\"widget\" data-widget_type=\"text-editor.default\">\n\t\t\t\t<div class=\"elementor-widget-container\">\n\t\t\t\t\t\t\t\t\t<blockquote><p><strong>PRO MUSICA dzia\u0142a na terenie Krosna od 1989 roku<br \/><\/strong>i obecnie jest najd\u0142u\u017cej dzia\u0142aj\u0105c\u0105 Prywatn\u0105 Szko\u0142\u0105 Muzyczn\u0105 w\u00a0Polsce.<\/p><\/blockquote>\t\t\t\t\t\t\t\t<\/div>\n\t\t\t\t<\/div>\n\t\t\t\t\t<\/div>\n\t\t<\/div>\n\t\t\t\t\t<\/div>\n\t\t<\/section>\n\t\t\t\t<section class=\"elementor-section elementor-top-section elementor-element elementor-element-dbe5fce elementor-section-boxed elementor-section-height-default elementor-section-height-default\" data-id=\"dbe5fce\" data-element_type=\"section\">\n\t\t\t\t\t\t<div class=\"elementor-container elementor-column-gap-default\">\n\t\t\t\t\t<div class=\"elementor-column elementor-col-100 elementor-top-column elementor-element elementor-element-b589aea\" data-id=\"b589aea\" data-element_type=\"column\">\n\t\t\t<div class=\"elementor-widget-wrap elementor-element-populated\">\n\t\t\t\t\t\t<div class=\"elementor-element elementor-element-4f4a4e2 elementor-widget elementor-widget-image\" data-id=\"4f4a4e2\" data-element_type=\"widget\" data-widget_type=\"image.default\">\n\t\t\t\t<div class=\"elementor-widget-container\">\n\t\t\t\t\t\t\t\t\t\t\t\t\t\t\t<img fetchpriority=\"high\" decoding=\"async\" width=\"1024\" height=\"690\" src=\"https:\/\/promusicakrosno.pl\/wp-content\/uploads\/2022\/02\/kids.jpg\" class=\"attachment-large size-large wp-image-104\" alt=\"\" srcset=\"https:\/\/promusicakrosno.pl\/wp-content\/uploads\/2022\/02\/kids.jpg 1024w, https:\/\/promusicakrosno.pl\/wp-content\/uploads\/2022\/02\/kids-300x202.jpg 300w, https:\/\/promusicakrosno.pl\/wp-content\/uploads\/2022\/02\/kids-768x518.jpg 768w\" sizes=\"(max-width: 1024px) 100vw, 1024px\" \/>\t\t\t\t\t\t\t\t\t\t\t\t\t\t\t<\/div>\n\t\t\t\t<\/div>\n\t\t\t\t\t<\/div>\n\t\t<\/div>\n\t\t\t\t\t<\/div>\n\t\t<\/section>\n\t\t\t\t<section class=\"elementor-section elementor-top-section elementor-element elementor-element-83b4b62 elementor-section-boxed elementor-section-height-default elementor-section-height-default\" data-id=\"83b4b62\" data-element_type=\"section\">\n\t\t\t\t\t\t<div class=\"elementor-container elementor-column-gap-default\">\n\t\t\t\t\t<div class=\"elementor-column elementor-col-100 elementor-top-column elementor-element elementor-element-a8e5acb\" data-id=\"a8e5acb\" data-element_type=\"column\">\n\t\t\t<div class=\"elementor-widget-wrap elementor-element-populated\">\n\t\t\t\t\t\t<div class=\"elementor-element elementor-element-40371bc elementor-widget elementor-widget-text-editor\" data-id=\"40371bc\" data-element_type=\"widget\" data-widget_type=\"text-editor.default\">\n\t\t\t\t<div class=\"elementor-widget-container\">\n\t\t\t\t\t\t\t\t\t<blockquote><p>Celem szko\u0142y jest zapoznanie dzieci i\u00a0m\u0142odzie\u017cy z\u00a0pasjonuj\u0105cym \u015bwiatem muzyki. Prowadz\u0105cy szko\u0142\u0119 dok\u0142adaj\u0105 wszelkich stara\u0144, aby uczniowie &#8211; realizuj\u0105c program nauczania &#8211; przez ca\u0142y czas czerpali rado\u015b\u0107 i\u00a0satysfakcj\u0119 z\u00a0muzykowania, dlatego te\u017c dbaj\u0105 aby zaj\u0119cia w\u00a0szkole odbywa\u0142y si\u0119 w\u00a0mi\u0142ej, ciep\u0142ej i\u00a0pozbawionej stres\u00f3w atmosferze.<\/p><p>W tym celu szko\u0142a zatrudnia wysoko wykwalifikowan\u0105 kadr\u0119, wszyscy nauczyciele s\u0105 specjalistami w\u00a0swojej dziedzinie nauczania, posiadaj\u0105 dyplomy wy\u017cszych uczelni muzycznych, a\u00a0tak\u017ce bardzo dobre przygotowanie metodyczno &#8211; pedagogiczne. Wielu z\u00a0pedagog\u00f3w, pomimo zaj\u0119\u0107 pedagogicznych, pozostaje czynnymi zawodowo muzykami. Jednym z\u00a0priorytet\u00f3w szko\u0142y jest to, aby efekty nauki uczniowie mogli jak najcz\u0119\u015bciej prezentowa\u0107 przed szerok\u0105 publiczno\u015bci\u0105 w\u00a0swoim mie\u015bcie, w\u00a0kraju i\u00a0za granic\u0105.<\/p><\/blockquote>\t\t\t\t\t\t\t\t<\/div>\n\t\t\t\t<\/div>\n\t\t\t\t\t<\/div>\n\t\t<\/div>\n\t\t\t\t\t<\/div>\n\t\t<\/section>\n\t\t\t\t<section class=\"elementor-section elementor-top-section elementor-element elementor-element-9fcc085 elementor-section-boxed elementor-section-height-default elementor-section-height-default\" data-id=\"9fcc085\" data-element_type=\"section\">\n\t\t\t\t\t\t<div class=\"elementor-container elementor-column-gap-default\">\n\t\t\t\t\t<div class=\"elementor-column elementor-col-100 elementor-top-column elementor-element elementor-element-3b44d8e\" data-id=\"3b44d8e\" data-element_type=\"column\">\n\t\t\t<div class=\"elementor-widget-wrap elementor-element-populated\">\n\t\t\t\t\t\t<div class=\"elementor-element elementor-element-490906b elementor-widget elementor-widget-image\" data-id=\"490906b\" data-element_type=\"widget\" data-widget_type=\"image.default\">\n\t\t\t\t<div class=\"elementor-widget-container\">\n\t\t\t\t\t\t\t\t\t\t\t\t\t\t\t<img decoding=\"async\" width=\"819\" height=\"547\" src=\"https:\/\/promusicakrosno.pl\/wp-content\/uploads\/2022\/02\/bc-fty.jpg\" class=\"attachment-large size-large wp-image-105\" alt=\"\" srcset=\"https:\/\/promusicakrosno.pl\/wp-content\/uploads\/2022\/02\/bc-fty.jpg 819w, https:\/\/promusicakrosno.pl\/wp-content\/uploads\/2022\/02\/bc-fty-300x200.jpg 300w, https:\/\/promusicakrosno.pl\/wp-content\/uploads\/2022\/02\/bc-fty-768x513.jpg 768w\" sizes=\"(max-width: 819px) 100vw, 819px\" \/>\t\t\t\t\t\t\t\t\t\t\t\t\t\t\t<\/div>\n\t\t\t\t<\/div>\n\t\t\t\t\t<\/div>\n\t\t<\/div>\n\t\t\t\t\t<\/div>\n\t\t<\/section>\n\t\t\t\t<section class=\"elementor-section elementor-top-section elementor-element elementor-element-ab3226a elementor-section-boxed elementor-section-height-default elementor-section-height-default\" data-id=\"ab3226a\" data-element_type=\"section\">\n\t\t\t\t\t\t<div class=\"elementor-container elementor-column-gap-default\">\n\t\t\t\t\t<div class=\"elementor-column elementor-col-100 elementor-top-column elementor-element elementor-element-4ce4c1a\" data-id=\"4ce4c1a\" data-element_type=\"column\">\n\t\t\t<div class=\"elementor-widget-wrap elementor-element-populated\">\n\t\t\t\t\t\t<div class=\"elementor-element elementor-element-ef33946 elementor-widget elementor-widget-text-editor\" data-id=\"ef33946\" data-element_type=\"widget\" data-widget_type=\"text-editor.default\">\n\t\t\t\t<div class=\"elementor-widget-container\">\n\t\t\t\t\t\t\t\t\t<blockquote><p>Szko\u0142a muzyczna PRO MUSICA ju\u017c od kilkunastu lat w\u00a0ka\u017cdym roku organizuje dwa wielkie koncerty galowe: \u201eKoncert Noworoczny\u201d oraz\u00a0 \u201eKoncert z\u00a0okazji Dnia Matki\u201d, kt\u00f3re ciesz\u0105 si\u0119 ogromn\u0105 popularno\u015bci\u0105 w\u00a0mie\u015bcie i\u00a0za ka\u017cdym razem skupiaj\u0105 uwag\u0119 publiczno\u015bci, kt\u00f3ra wype\u0142nia komplet miejsc w\u00a0najwi\u0119kszej sali widowiskowej miasta. Na tych koncertach prezentuj\u0105 si\u0119: szkolna orkiestra, zespo\u0142y kameralne, soli\u015bci, ch\u00f3r uczni\u00f3w m\u0142odszych, ch\u00f3r uczni\u00f3w starszych\u00a0 oraz grupy taneczno-rytmiczne. Imprezy te u\u015bwietniaj\u0105\u00a0<a href=\"http:\/\/www.promusicakrosno.pl\/pl\/koncerty\/nasi_goscie\">zapraszani go\u015bcie<\/a>\u00a0\u2013 gwiazdy polskiej sceny i\u00a0estrady.<\/p><\/blockquote><p>\u00a0<\/p>\t\t\t\t\t\t\t\t<\/div>\n\t\t\t\t<\/div>\n\t\t\t\t\t<\/div>\n\t\t<\/div>\n\t\t\t\t\t<\/div>\n\t\t<\/section>\n\t\t\t\t<section class=\"elementor-section elementor-top-section elementor-element elementor-element-67308ab elementor-section-boxed elementor-section-height-default elementor-section-height-default\" data-id=\"67308ab\" data-element_type=\"section\">\n\t\t\t\t\t\t<div class=\"elementor-container elementor-column-gap-default\">\n\t\t\t\t\t<div class=\"elementor-column elementor-col-100 elementor-top-column elementor-element elementor-element-aec6234\" data-id=\"aec6234\" data-element_type=\"column\">\n\t\t\t<div class=\"elementor-widget-wrap elementor-element-populated\">\n\t\t\t\t\t\t<div class=\"elementor-element elementor-element-272650d elementor-widget elementor-widget-text-editor\" data-id=\"272650d\" data-element_type=\"widget\" data-widget_type=\"text-editor.default\">\n\t\t\t\t<div class=\"elementor-widget-container\">\n\t\t\t\t\t\t\t\t\t<blockquote><p>\u00a0\u00a0\u00a0\u00a0\u00a0\u00a0\u00a0\u00a0\u00a0\u00a0\u00a0\u00a0\u00a0\u00a0 Ponadto, co roku szko\u0142a organizuje szereg mniejszych koncert\u00f3w: dla rodzic\u00f3w, dla innych szk\u00f3\u0142,<br \/>dla przedszkoli, zak\u0142ad\u00f3w pracy\u00a0 itp. PRO MUSICA bardzo cz\u0119sto zapraszana jest w\u00a0celu u\u015bwietnienia wa\u017cnych wydarze\u0144 w\u00a0mie\u015bcie i\u00a0poza nim, a\u00a0tak\u017ce za granic\u0105. Prawie co roku, zespo\u0142y artystyczne PRO MUSICA wyje\u017cd\u017caj\u0105 na wsp\u00f3lne koncertowanie po krajach Europy (dok\u0142. patrz folder koncerty &#8211;\u00a0<a href=\"http:\/\/www.promusicakrosno.pl\/pl\/koncerty\/zagraniczne\">koncerty zagraniczne<\/a>).<br \/>Rekordowym by\u0142 rok 2004, w\u00a0kt\u00f3rym uczniowie Szko\u0142y Muzycznej PRO MUSICA I\u00a0stopnia, jako soli\u015bci<br \/>i cz\u0142onkowie r\u00f3\u017cnych formacji muzycznych\u00a0\u00a0<strong>koncertowali\u00a0 44\u00a0 razy !<\/strong><\/p><\/blockquote><p>\u00a0<\/p>\t\t\t\t\t\t\t\t<\/div>\n\t\t\t\t<\/div>\n\t\t\t\t\t<\/div>\n\t\t<\/div>\n\t\t\t\t\t<\/div>\n\t\t<\/section>\n\t\t\t\t<section class=\"elementor-section elementor-top-section elementor-element elementor-element-73fbfa6 elementor-section-boxed elementor-section-height-default elementor-section-height-default\" data-id=\"73fbfa6\" data-element_type=\"section\">\n\t\t\t\t\t\t<div class=\"elementor-container elementor-column-gap-default\">\n\t\t\t\t\t<div class=\"elementor-column elementor-col-100 elementor-top-column elementor-element elementor-element-5b19456\" data-id=\"5b19456\" data-element_type=\"column\">\n\t\t\t<div class=\"elementor-widget-wrap elementor-element-populated\">\n\t\t\t\t\t\t<div class=\"elementor-element elementor-element-f46eb25 elementor-widget elementor-widget-text-editor\" data-id=\"f46eb25\" data-element_type=\"widget\" data-widget_type=\"text-editor.default\">\n\t\t\t\t<div class=\"elementor-widget-container\">\n\t\t\t\t\t\t\t\t\t<blockquote><p>PRO MUSICA cieszy si\u0119\u00a0<a href=\"http:\/\/www.promusicakrosno.pl\/pl\/pro_musica\/artykuly_w_prasie\">wieloma osi\u0105gni\u0119ciami<\/a>. Jej uczniowie posiadaj\u0105 wyr\u00f3\u017cnienia i\u00a0dyplomy zdobyte<br \/>na presti\u017cowych konkursach w\u00a0kraju i\u00a0za granic\u0105,\u00a0 absolwenci kontynuuj\u0105 nauk\u0119 w\u00a0Szkole Muzycznej II stopnia,<br \/>ale tak\u017ce zdaj\u0105 egzaminy na studia wy\u017csze do Akademii Muzycznych.<\/p><\/blockquote>\t\t\t\t\t\t\t\t<\/div>\n\t\t\t\t<\/div>\n\t\t\t\t\t<\/div>\n\t\t<\/div>\n\t\t\t\t\t<\/div>\n\t\t<\/section>\n\t\t\t\t<section class=\"elementor-section elementor-top-section elementor-element elementor-element-0e8dde0 elementor-section-boxed elementor-section-height-default elementor-section-height-default\" data-id=\"0e8dde0\" data-element_type=\"section\">\n\t\t\t\t\t\t<div class=\"elementor-container elementor-column-gap-default\">\n\t\t\t\t\t<div class=\"elementor-column elementor-col-100 elementor-top-column elementor-element elementor-element-79880da\" data-id=\"79880da\" data-element_type=\"column\">\n\t\t\t<div class=\"elementor-widget-wrap elementor-element-populated\">\n\t\t\t\t\t\t<div class=\"elementor-element elementor-element-6d90d11 elementor-widget elementor-widget-image\" data-id=\"6d90d11\" data-element_type=\"widget\" data-widget_type=\"image.default\">\n\t\t\t\t<div class=\"elementor-widget-container\">\n\t\t\t\t\t\t\t\t\t\t\t\t\t\t\t<img decoding=\"async\" width=\"640\" height=\"638\" src=\"https:\/\/promusicakrosno.pl\/wp-content\/uploads\/2022\/02\/dsk.jpg\" class=\"attachment-large size-large wp-image-106\" alt=\"\" srcset=\"https:\/\/promusicakrosno.pl\/wp-content\/uploads\/2022\/02\/dsk.jpg 640w, https:\/\/promusicakrosno.pl\/wp-content\/uploads\/2022\/02\/dsk-300x300.jpg 300w, https:\/\/promusicakrosno.pl\/wp-content\/uploads\/2022\/02\/dsk-150x150.jpg 150w\" sizes=\"(max-width: 640px) 100vw, 640px\" \/>\t\t\t\t\t\t\t\t\t\t\t\t\t\t\t<\/div>\n\t\t\t\t<\/div>\n\t\t\t\t\t<\/div>\n\t\t<\/div>\n\t\t\t\t\t<\/div>\n\t\t<\/section>\n\t\t\t\t<section class=\"elementor-section elementor-top-section elementor-element elementor-element-927fdde elementor-section-boxed elementor-section-height-default elementor-section-height-default\" data-id=\"927fdde\" data-element_type=\"section\">\n\t\t\t\t\t\t<div class=\"elementor-container elementor-column-gap-default\">\n\t\t\t\t\t<div class=\"elementor-column elementor-col-100 elementor-top-column elementor-element elementor-element-12429f9\" data-id=\"12429f9\" data-element_type=\"column\">\n\t\t\t<div class=\"elementor-widget-wrap elementor-element-populated\">\n\t\t\t\t\t\t<div class=\"elementor-element elementor-element-b3dc479 elementor-widget elementor-widget-text-editor\" data-id=\"b3dc479\" data-element_type=\"widget\" data-widget_type=\"text-editor.default\">\n\t\t\t\t<div class=\"elementor-widget-container\">\n\t\t\t\t\t\t\t\t\t<blockquote><p>W roku 2007 PRO MUSICA \u015bwi\u0119towa\u0142a 10-t\u0105 rocznic\u0119 nagrania p\u0142yty pt. &#8222;Dzieci \u015bpiewaj\u0105 kol\u0119dy&#8221;, wydanej w\u00a0wielotysi\u0119cznym i\u00a0wci\u0105\u017c wznawianym nak\u0142adzie przez warszawsk\u0105 firm\u0119 fonograficzn\u0105 POLONIA RECORDS. W\u00a0materiale muzycznym zamieszczonym na p\u0142ycie wszystkie utwory wykonane s\u0105 przez dzieci z\u00a0Prywatnej Szko\u0142y Muzycznej I\u00a0stopnia &#8222;Pro Musica&#8221; w\u00a0Kro\u015bnie.<\/p><\/blockquote><p>\u00a0<\/p>\t\t\t\t\t\t\t\t<\/div>\n\t\t\t\t<\/div>\n\t\t\t\t\t<\/div>\n\t\t<\/div>\n\t\t\t\t\t<\/div>\n\t\t<\/section>\n\t\t\t\t<\/div>\n\t\t","protected":false},"excerpt":{"rendered":"<p>Szko\u0142a Muzyczna &#8222;PRO MUSICA&#8221; I\u00a0i II stopnia &#8211; Anny i\u00a0Adama M\u00fcnzberger\u00f3w dzia\u0142a na terenie Krosna od\u00a01989\u00a0roku. Prywatna Szko\u0142a Muzyczna I\u00a0i II stopnia\u00a0PRO MUSICA\u00a0w Kro\u015bnie\u00a0posiada uprawnienia szko\u0142y publicznej &#8211; to znaczy &#8211; realizuje program nauczania okre\u015blony przez Ministerstwo Kultury i\u00a0Sztuki oraz wydaje \u015bwiadectwa uko\u0144czenia szko\u0142y muzycznej I\u00a0i II stopnia. Szko\u0142a Muzyczna Pro Musica w\u00a0Kro\u015bne\u00a0dodatkowo posiada sw\u00f3j [&hellip;]<\/p>\n","protected":false},"author":1,"featured_media":0,"comment_status":"open","ping_status":"open","sticky":false,"template":"","format":"standard","meta":{"site-sidebar-layout":"default","site-content-layout":"","ast-site-content-layout":"","site-content-style":"default","site-sidebar-style":"default","ast-global-header-display":"","ast-banner-title-visibility":"","ast-main-header-display":"","ast-hfb-above-header-display":"","ast-hfb-below-header-display":"","ast-hfb-mobile-header-display":"","site-post-title":"","ast-breadcrumbs-content":"","ast-featured-img":"","footer-sml-layout":"","theme-transparent-header-meta":"","adv-header-id-meta":"","stick-header-meta":"","header-above-stick-meta":"","header-main-stick-meta":"","header-below-stick-meta":"","astra-migrate-meta-layouts":"default","ast-page-background-enabled":"default","ast-page-background-meta":{"desktop":{"background-color":"","background-image":"","background-repeat":"repeat","background-position":"center center","background-size":"auto","background-attachment":"scroll","background-type":"","background-media":"","overlay-type":"","overlay-color":"","overlay-opacity":"","overlay-gradient":""},"tablet":{"background-color":"","background-image":"","background-repeat":"repeat","background-position":"center center","background-size":"auto","background-attachment":"scroll","background-type":"","background-media":"","overlay-type":"","overlay-color":"","overlay-opacity":"","overlay-gradient":""},"mobile":{"background-color":"","background-image":"","background-repeat":"repeat","background-position":"center center","background-size":"auto","background-attachment":"scroll","background-type":"","background-media":"","overlay-type":"","overlay-color":"","overlay-opacity":"","overlay-gradient":""}},"ast-content-background-meta":{"desktop":{"background-color":"var(--ast-global-color-5)","background-image":"","background-repeat":"repeat","background-position":"center center","background-size":"auto","background-attachment":"scroll","background-type":"","background-media":"","overlay-type":"","overlay-color":"","overlay-opacity":"","overlay-gradient":""},"tablet":{"background-color":"var(--ast-global-color-5)","background-image":"","background-repeat":"repeat","background-position":"center center","background-size":"auto","background-attachment":"scroll","background-type":"","background-media":"","overlay-type":"","overlay-color":"","overlay-opacity":"","overlay-gradient":""},"mobile":{"background-color":"var(--ast-global-color-5)","background-image":"","background-repeat":"repeat","background-position":"center center","background-size":"auto","background-attachment":"scroll","background-type":"","background-media":"","overlay-type":"","overlay-color":"","overlay-opacity":"","overlay-gradient":""}},"fifu_image_url":"","fifu_image_alt":"","footnotes":""},"categories":[1],"tags":[],"post_folder":[],"class_list":["post-1","post","type-post","status-publish","format-standard","hentry","category-uncategorized"],"yoast_head":"<!-- This site is optimized with the Yoast SEO plugin v26.6 - https:\/\/yoast.com\/wordpress\/plugins\/seo\/ -->\n<title>O nas - Szko\u0142a Muzyczna Krosno<\/title>\n<meta name=\"description\" content=\"Prywatna Szko\u0142a Muzyczna Pro Musica I i II stopnia w Kro\u015bnie. Studium wokalno-instrumentalne i zaj\u0119cia artystyczne dla najm\u0142odszych\" \/>\n<meta name=\"robots\" content=\"index, follow, max-snippet:-1, max-image-preview:large, max-video-preview:-1\" \/>\n<link rel=\"canonical\" href=\"https:\/\/promusicakrosno.pl\/index.php\/2022\/02\/04\/witamy\/\" \/>\n<meta property=\"og:locale\" content=\"pl_PL\" \/>\n<meta property=\"og:type\" content=\"article\" \/>\n<meta property=\"og:title\" content=\"O nas - Szko\u0142a Muzyczna Krosno\" \/>\n<meta property=\"og:description\" content=\"Prywatna Szko\u0142a Muzyczna Pro Musica I i II stopnia w Kro\u015bnie. Studium wokalno-instrumentalne i zaj\u0119cia artystyczne dla najm\u0142odszych\" \/>\n<meta property=\"og:url\" content=\"https:\/\/promusicakrosno.pl\/index.php\/2022\/02\/04\/witamy\/\" \/>\n<meta property=\"og:site_name\" content=\"Szko\u0142a Muzyczna Krosno\" \/>\n<meta property=\"article:published_time\" content=\"2022-02-04T09:41:08+00:00\" \/>\n<meta property=\"article:modified_time\" content=\"2022-02-04T20:13:17+00:00\" \/>\n<meta property=\"og:image\" content=\"http:\/\/www.promusicakrosno.pl\/wp-content\/uploads\/2022\/02\/anna.jpg\" \/>\n<meta name=\"author\" content=\"admin\" \/>\n<meta name=\"twitter:card\" content=\"summary_large_image\" \/>\n<meta name=\"twitter:label1\" content=\"Napisane przez\" \/>\n\t<meta name=\"twitter:data1\" content=\"admin\" \/>\n\t<meta name=\"twitter:label2\" content=\"Szacowany czas czytania\" \/>\n\t<meta name=\"twitter:data2\" content=\"4 minuty\" \/>\n<script type=\"application\/ld+json\" class=\"yoast-schema-graph\">{\"@context\":\"https:\/\/schema.org\",\"@graph\":[{\"@type\":\"Article\",\"@id\":\"https:\/\/promusicakrosno.pl\/index.php\/2022\/02\/04\/witamy\/#article\",\"isPartOf\":{\"@id\":\"https:\/\/promusicakrosno.pl\/index.php\/2022\/02\/04\/witamy\/\"},\"author\":{\"name\":\"admin\",\"@id\":\"https:\/\/promusicakrosno.pl\/#\/schema\/person\/81f8cb27d08bb11ba9c164169f2196ac\"},\"headline\":\"O nas\",\"datePublished\":\"2022-02-04T09:41:08+00:00\",\"dateModified\":\"2022-02-04T20:13:17+00:00\",\"mainEntityOfPage\":{\"@id\":\"https:\/\/promusicakrosno.pl\/index.php\/2022\/02\/04\/witamy\/\"},\"wordCount\":770,\"commentCount\":0,\"publisher\":{\"@id\":\"https:\/\/promusicakrosno.pl\/#organization\"},\"image\":{\"@id\":\"https:\/\/promusicakrosno.pl\/index.php\/2022\/02\/04\/witamy\/#primaryimage\"},\"thumbnailUrl\":\"http:\/\/www.promusicakrosno.pl\/wp-content\/uploads\/2022\/02\/anna.jpg\",\"articleSection\":[\"Uncategorized\"],\"inLanguage\":\"pl-PL\",\"potentialAction\":[{\"@type\":\"CommentAction\",\"name\":\"Comment\",\"target\":[\"https:\/\/promusicakrosno.pl\/index.php\/2022\/02\/04\/witamy\/#respond\"]}]},{\"@type\":\"WebPage\",\"@id\":\"https:\/\/promusicakrosno.pl\/index.php\/2022\/02\/04\/witamy\/\",\"url\":\"https:\/\/promusicakrosno.pl\/index.php\/2022\/02\/04\/witamy\/\",\"name\":\"O nas - Szko\u0142a Muzyczna Krosno\",\"isPartOf\":{\"@id\":\"https:\/\/promusicakrosno.pl\/#website\"},\"primaryImageOfPage\":{\"@id\":\"https:\/\/promusicakrosno.pl\/index.php\/2022\/02\/04\/witamy\/#primaryimage\"},\"image\":{\"@id\":\"https:\/\/promusicakrosno.pl\/index.php\/2022\/02\/04\/witamy\/#primaryimage\"},\"thumbnailUrl\":\"http:\/\/www.promusicakrosno.pl\/wp-content\/uploads\/2022\/02\/anna.jpg\",\"datePublished\":\"2022-02-04T09:41:08+00:00\",\"dateModified\":\"2022-02-04T20:13:17+00:00\",\"description\":\"Prywatna Szko\u0142a Muzyczna Pro Musica I i II stopnia w Kro\u015bnie. Studium wokalno-instrumentalne i zaj\u0119cia artystyczne dla najm\u0142odszych\",\"breadcrumb\":{\"@id\":\"https:\/\/promusicakrosno.pl\/index.php\/2022\/02\/04\/witamy\/#breadcrumb\"},\"inLanguage\":\"pl-PL\",\"potentialAction\":[{\"@type\":\"ReadAction\",\"target\":[\"https:\/\/promusicakrosno.pl\/index.php\/2022\/02\/04\/witamy\/\"]}]},{\"@type\":\"ImageObject\",\"inLanguage\":\"pl-PL\",\"@id\":\"https:\/\/promusicakrosno.pl\/index.php\/2022\/02\/04\/witamy\/#primaryimage\",\"url\":\"http:\/\/www.promusicakrosno.pl\/wp-content\/uploads\/2022\/02\/anna.jpg\",\"contentUrl\":\"http:\/\/www.promusicakrosno.pl\/wp-content\/uploads\/2022\/02\/anna.jpg\"},{\"@type\":\"BreadcrumbList\",\"@id\":\"https:\/\/promusicakrosno.pl\/index.php\/2022\/02\/04\/witamy\/#breadcrumb\",\"itemListElement\":[{\"@type\":\"ListItem\",\"position\":1,\"name\":\"Strona g\u0142\u00f3wna\",\"item\":\"https:\/\/promusicakrosno.pl\/\"},{\"@type\":\"ListItem\",\"position\":2,\"name\":\"O nas\"}]},{\"@type\":\"WebSite\",\"@id\":\"https:\/\/promusicakrosno.pl\/#website\",\"url\":\"https:\/\/promusicakrosno.pl\/\",\"name\":\"Szko\u0142a Muzyczna Krosno\",\"description\":\"Pro Musica\",\"publisher\":{\"@id\":\"https:\/\/promusicakrosno.pl\/#organization\"},\"potentialAction\":[{\"@type\":\"SearchAction\",\"target\":{\"@type\":\"EntryPoint\",\"urlTemplate\":\"https:\/\/promusicakrosno.pl\/?s={search_term_string}\"},\"query-input\":{\"@type\":\"PropertyValueSpecification\",\"valueRequired\":true,\"valueName\":\"search_term_string\"}}],\"inLanguage\":\"pl-PL\"},{\"@type\":\"Organization\",\"@id\":\"https:\/\/promusicakrosno.pl\/#organization\",\"name\":\"Szko\u0142a Muzyczna Krosno\",\"url\":\"https:\/\/promusicakrosno.pl\/\",\"logo\":{\"@type\":\"ImageObject\",\"inLanguage\":\"pl-PL\",\"@id\":\"https:\/\/promusicakrosno.pl\/#\/schema\/logo\/image\/\",\"url\":\"https:\/\/promusicakrosno.pl\/wp-content\/uploads\/2022\/02\/logo_png_bez_tla.png\",\"contentUrl\":\"https:\/\/promusicakrosno.pl\/wp-content\/uploads\/2022\/02\/logo_png_bez_tla.png\",\"width\":271,\"height\":159,\"caption\":\"Szko\u0142a Muzyczna Krosno\"},\"image\":{\"@id\":\"https:\/\/promusicakrosno.pl\/#\/schema\/logo\/image\/\"}},{\"@type\":\"Person\",\"@id\":\"https:\/\/promusicakrosno.pl\/#\/schema\/person\/81f8cb27d08bb11ba9c164169f2196ac\",\"name\":\"admin\",\"image\":{\"@type\":\"ImageObject\",\"inLanguage\":\"pl-PL\",\"@id\":\"https:\/\/promusicakrosno.pl\/#\/schema\/person\/image\/\",\"url\":\"https:\/\/secure.gravatar.com\/avatar\/60dd2e89cbc6d753bde740f12e927a41e0866d6ae91bba48feb680620413b74a?s=96&d=mm&r=g\",\"contentUrl\":\"https:\/\/secure.gravatar.com\/avatar\/60dd2e89cbc6d753bde740f12e927a41e0866d6ae91bba48feb680620413b74a?s=96&d=mm&r=g\",\"caption\":\"admin\"},\"sameAs\":[\"http:\/\/www.promusicakrosno.pl\"],\"url\":\"https:\/\/promusicakrosno.pl\/index.php\/author\/admin\/\"}]}<\/script>\n<!-- \/ Yoast SEO plugin. -->","yoast_head_json":{"title":"O nas - Szko\u0142a Muzyczna Krosno","description":"Prywatna Szko\u0142a Muzyczna Pro Musica I i II stopnia w Kro\u015bnie. Studium wokalno-instrumentalne i zaj\u0119cia artystyczne dla najm\u0142odszych","robots":{"index":"index","follow":"follow","max-snippet":"max-snippet:-1","max-image-preview":"max-image-preview:large","max-video-preview":"max-video-preview:-1"},"canonical":"https:\/\/promusicakrosno.pl\/index.php\/2022\/02\/04\/witamy\/","og_locale":"pl_PL","og_type":"article","og_title":"O nas - Szko\u0142a Muzyczna Krosno","og_description":"Prywatna Szko\u0142a Muzyczna Pro Musica I i II stopnia w Kro\u015bnie. Studium wokalno-instrumentalne i zaj\u0119cia artystyczne dla najm\u0142odszych","og_url":"https:\/\/promusicakrosno.pl\/index.php\/2022\/02\/04\/witamy\/","og_site_name":"Szko\u0142a Muzyczna Krosno","article_published_time":"2022-02-04T09:41:08+00:00","article_modified_time":"2022-02-04T20:13:17+00:00","og_image":[{"url":"http:\/\/www.promusicakrosno.pl\/wp-content\/uploads\/2022\/02\/anna.jpg","type":"","width":"","height":""}],"author":"admin","twitter_card":"summary_large_image","twitter_misc":{"Napisane przez":"admin","Szacowany czas czytania":"4 minuty"},"schema":{"@context":"https:\/\/schema.org","@graph":[{"@type":"Article","@id":"https:\/\/promusicakrosno.pl\/index.php\/2022\/02\/04\/witamy\/#article","isPartOf":{"@id":"https:\/\/promusicakrosno.pl\/index.php\/2022\/02\/04\/witamy\/"},"author":{"name":"admin","@id":"https:\/\/promusicakrosno.pl\/#\/schema\/person\/81f8cb27d08bb11ba9c164169f2196ac"},"headline":"O nas","datePublished":"2022-02-04T09:41:08+00:00","dateModified":"2022-02-04T20:13:17+00:00","mainEntityOfPage":{"@id":"https:\/\/promusicakrosno.pl\/index.php\/2022\/02\/04\/witamy\/"},"wordCount":770,"commentCount":0,"publisher":{"@id":"https:\/\/promusicakrosno.pl\/#organization"},"image":{"@id":"https:\/\/promusicakrosno.pl\/index.php\/2022\/02\/04\/witamy\/#primaryimage"},"thumbnailUrl":"http:\/\/www.promusicakrosno.pl\/wp-content\/uploads\/2022\/02\/anna.jpg","articleSection":["Uncategorized"],"inLanguage":"pl-PL","potentialAction":[{"@type":"CommentAction","name":"Comment","target":["https:\/\/promusicakrosno.pl\/index.php\/2022\/02\/04\/witamy\/#respond"]}]},{"@type":"WebPage","@id":"https:\/\/promusicakrosno.pl\/index.php\/2022\/02\/04\/witamy\/","url":"https:\/\/promusicakrosno.pl\/index.php\/2022\/02\/04\/witamy\/","name":"O nas - Szko\u0142a Muzyczna Krosno","isPartOf":{"@id":"https:\/\/promusicakrosno.pl\/#website"},"primaryImageOfPage":{"@id":"https:\/\/promusicakrosno.pl\/index.php\/2022\/02\/04\/witamy\/#primaryimage"},"image":{"@id":"https:\/\/promusicakrosno.pl\/index.php\/2022\/02\/04\/witamy\/#primaryimage"},"thumbnailUrl":"http:\/\/www.promusicakrosno.pl\/wp-content\/uploads\/2022\/02\/anna.jpg","datePublished":"2022-02-04T09:41:08+00:00","dateModified":"2022-02-04T20:13:17+00:00","description":"Prywatna Szko\u0142a Muzyczna Pro Musica I i II stopnia w Kro\u015bnie. Studium wokalno-instrumentalne i zaj\u0119cia artystyczne dla najm\u0142odszych","breadcrumb":{"@id":"https:\/\/promusicakrosno.pl\/index.php\/2022\/02\/04\/witamy\/#breadcrumb"},"inLanguage":"pl-PL","potentialAction":[{"@type":"ReadAction","target":["https:\/\/promusicakrosno.pl\/index.php\/2022\/02\/04\/witamy\/"]}]},{"@type":"ImageObject","inLanguage":"pl-PL","@id":"https:\/\/promusicakrosno.pl\/index.php\/2022\/02\/04\/witamy\/#primaryimage","url":"http:\/\/www.promusicakrosno.pl\/wp-content\/uploads\/2022\/02\/anna.jpg","contentUrl":"http:\/\/www.promusicakrosno.pl\/wp-content\/uploads\/2022\/02\/anna.jpg"},{"@type":"BreadcrumbList","@id":"https:\/\/promusicakrosno.pl\/index.php\/2022\/02\/04\/witamy\/#breadcrumb","itemListElement":[{"@type":"ListItem","position":1,"name":"Strona g\u0142\u00f3wna","item":"https:\/\/promusicakrosno.pl\/"},{"@type":"ListItem","position":2,"name":"O nas"}]},{"@type":"WebSite","@id":"https:\/\/promusicakrosno.pl\/#website","url":"https:\/\/promusicakrosno.pl\/","name":"Szko\u0142a Muzyczna Krosno","description":"Pro Musica","publisher":{"@id":"https:\/\/promusicakrosno.pl\/#organization"},"potentialAction":[{"@type":"SearchAction","target":{"@type":"EntryPoint","urlTemplate":"https:\/\/promusicakrosno.pl\/?s={search_term_string}"},"query-input":{"@type":"PropertyValueSpecification","valueRequired":true,"valueName":"search_term_string"}}],"inLanguage":"pl-PL"},{"@type":"Organization","@id":"https:\/\/promusicakrosno.pl\/#organization","name":"Szko\u0142a Muzyczna Krosno","url":"https:\/\/promusicakrosno.pl\/","logo":{"@type":"ImageObject","inLanguage":"pl-PL","@id":"https:\/\/promusicakrosno.pl\/#\/schema\/logo\/image\/","url":"https:\/\/promusicakrosno.pl\/wp-content\/uploads\/2022\/02\/logo_png_bez_tla.png","contentUrl":"https:\/\/promusicakrosno.pl\/wp-content\/uploads\/2022\/02\/logo_png_bez_tla.png","width":271,"height":159,"caption":"Szko\u0142a Muzyczna Krosno"},"image":{"@id":"https:\/\/promusicakrosno.pl\/#\/schema\/logo\/image\/"}},{"@type":"Person","@id":"https:\/\/promusicakrosno.pl\/#\/schema\/person\/81f8cb27d08bb11ba9c164169f2196ac","name":"admin","image":{"@type":"ImageObject","inLanguage":"pl-PL","@id":"https:\/\/promusicakrosno.pl\/#\/schema\/person\/image\/","url":"https:\/\/secure.gravatar.com\/avatar\/60dd2e89cbc6d753bde740f12e927a41e0866d6ae91bba48feb680620413b74a?s=96&d=mm&r=g","contentUrl":"https:\/\/secure.gravatar.com\/avatar\/60dd2e89cbc6d753bde740f12e927a41e0866d6ae91bba48feb680620413b74a?s=96&d=mm&r=g","caption":"admin"},"sameAs":["http:\/\/www.promusicakrosno.pl"],"url":"https:\/\/promusicakrosno.pl\/index.php\/author\/admin\/"}]}},"_links":{"self":[{"href":"https:\/\/promusicakrosno.pl\/index.php\/wp-json\/wp\/v2\/posts\/1","targetHints":{"allow":["GET"]}}],"collection":[{"href":"https:\/\/promusicakrosno.pl\/index.php\/wp-json\/wp\/v2\/posts"}],"about":[{"href":"https:\/\/promusicakrosno.pl\/index.php\/wp-json\/wp\/v2\/types\/post"}],"author":[{"embeddable":true,"href":"https:\/\/promusicakrosno.pl\/index.php\/wp-json\/wp\/v2\/users\/1"}],"replies":[{"embeddable":true,"href":"https:\/\/promusicakrosno.pl\/index.php\/wp-json\/wp\/v2\/comments?post=1"}],"version-history":[{"count":10,"href":"https:\/\/promusicakrosno.pl\/index.php\/wp-json\/wp\/v2\/posts\/1\/revisions"}],"predecessor-version":[{"id":115,"href":"https:\/\/promusicakrosno.pl\/index.php\/wp-json\/wp\/v2\/posts\/1\/revisions\/115"}],"wp:attachment":[{"href":"https:\/\/promusicakrosno.pl\/index.php\/wp-json\/wp\/v2\/media?parent=1"}],"wp:term":[{"taxonomy":"category","embeddable":true,"href":"https:\/\/promusicakrosno.pl\/index.php\/wp-json\/wp\/v2\/categories?post=1"},{"taxonomy":"post_tag","embeddable":true,"href":"https:\/\/promusicakrosno.pl\/index.php\/wp-json\/wp\/v2\/tags?post=1"},{"taxonomy":"post_folder","embeddable":true,"href":"https:\/\/promusicakrosno.pl\/index.php\/wp-json\/wp\/v2\/post_folder?post=1"}],"curies":[{"name":"wp","href":"https:\/\/api.w.org\/{rel}","templated":true}]}}