{"id":146,"date":"2022-02-05T07:53:24","date_gmt":"2022-02-05T07:53:24","guid":{"rendered":"http:\/\/www.promusicakrosno.pl\/?p=146"},"modified":"2022-02-05T07:53:24","modified_gmt":"2022-02-05T07:53:24","slug":"zajecia-muzyczno-plastyczne","status":"publish","type":"post","link":"https:\/\/promusicakrosno.pl\/index.php\/2022\/02\/05\/zajecia-muzyczno-plastyczne\/","title":{"rendered":"Zaj\u0119cia muzyczno-plastyczne"},"content":{"rendered":"","protected":false},"excerpt":{"rendered":"","protected":false},"author":1,"featured_media":0,"comment_status":"open","ping_status":"open","sticky":false,"template":"","format":"standard","meta":{"site-sidebar-layout":"default","site-content-layout":"","ast-site-content-layout":"","site-content-style":"default","site-sidebar-style":"default","ast-global-header-display":"","ast-banner-title-visibility":"","ast-main-header-display":"","ast-hfb-above-header-display":"","ast-hfb-below-header-display":"","ast-hfb-mobile-header-display":"","site-post-title":"","ast-breadcrumbs-content":"","ast-featured-img":"","footer-sml-layout":"","theme-transparent-header-meta":"","adv-header-id-meta":"","stick-header-meta":"","header-above-stick-meta":"","header-main-stick-meta":"","header-below-stick-meta":"","astra-migrate-meta-layouts":"default","ast-page-background-enabled":"default","ast-page-background-meta":{"desktop":{"background-color":"","background-image":"","background-repeat":"repeat","background-position":"center center","background-size":"auto","background-attachment":"scroll","background-type":"","background-media":"","overlay-type":"","overlay-color":"","overlay-opacity":"","overlay-gradient":""},"tablet":{"background-color":"","background-image":"","background-repeat":"repeat","background-position":"center center","background-size":"auto","background-attachment":"scroll","background-type":"","background-media":"","overlay-type":"","overlay-color":"","overlay-opacity":"","overlay-gradient":""},"mobile":{"background-color":"","background-image":"","background-repeat":"repeat","background-position":"center center","background-size":"auto","background-attachment":"scroll","background-type":"","background-media":"","overlay-type":"","overlay-color":"","overlay-opacity":"","overlay-gradient":""}},"ast-content-background-meta":{"desktop":{"background-color":"var(--ast-global-color-5)","background-image":"","background-repeat":"repeat","background-position":"center center","background-size":"auto","background-attachment":"scroll","background-type":"","background-media":"","overlay-type":"","overlay-color":"","overlay-opacity":"","overlay-gradient":""},"tablet":{"background-color":"var(--ast-global-color-5)","background-image":"","background-repeat":"repeat","background-position":"center center","background-size":"auto","background-attachment":"scroll","background-type":"","background-media":"","overlay-type":"","overlay-color":"","overlay-opacity":"","overlay-gradient":""},"mobile":{"background-color":"var(--ast-global-color-5)","background-image":"","background-repeat":"repeat","background-position":"center center","background-size":"auto","background-attachment":"scroll","background-type":"","background-media":"","overlay-type":"","overlay-color":"","overlay-opacity":"","overlay-gradient":""}},"fifu_image_url":"","fifu_image_alt":"","footnotes":""},"categories":[1],"tags":[],"post_folder":[],"class_list":["post-146","post","type-post","status-publish","format-standard","hentry","category-uncategorized"],"yoast_head":"<!-- This site is optimized with the Yoast SEO plugin v26.6 - https:\/\/yoast.com\/wordpress\/plugins\/seo\/ -->\n<title>Zaj\u0119cia muzyczno-plastyczne - Szko\u0142a Muzyczna Krosno<\/title>\n<meta name=\"description\" content=\"Prywatna Szko\u0142a Muzyczna Pro Musica I i II stopnia w Kro\u015bnie. Studium wokalno-instrumentalne i zaj\u0119cia artystyczne dla najm\u0142odszych\" \/>\n<meta name=\"robots\" content=\"index, follow, max-snippet:-1, max-image-preview:large, max-video-preview:-1\" \/>\n<link rel=\"canonical\" href=\"https:\/\/promusicakrosno.pl\/index.php\/2022\/02\/05\/zajecia-muzyczno-plastyczne\/\" \/>\n<meta property=\"og:locale\" content=\"pl_PL\" \/>\n<meta property=\"og:type\" content=\"article\" \/>\n<meta property=\"og:title\" content=\"Zaj\u0119cia muzyczno-plastyczne - Szko\u0142a Muzyczna Krosno\" \/>\n<meta property=\"og:description\" content=\"Prywatna Szko\u0142a Muzyczna Pro Musica I i II stopnia w Kro\u015bnie. Studium wokalno-instrumentalne i zaj\u0119cia artystyczne dla najm\u0142odszych\" \/>\n<meta property=\"og:url\" content=\"https:\/\/promusicakrosno.pl\/index.php\/2022\/02\/05\/zajecia-muzyczno-plastyczne\/\" \/>\n<meta property=\"og:site_name\" content=\"Szko\u0142a Muzyczna Krosno\" \/>\n<meta property=\"article:published_time\" content=\"2022-02-05T07:53:24+00:00\" \/>\n<meta name=\"author\" content=\"admin\" \/>\n<meta name=\"twitter:card\" content=\"summary_large_image\" \/>\n<meta name=\"twitter:label1\" content=\"Napisane przez\" \/>\n\t<meta name=\"twitter:data1\" content=\"admin\" \/>\n<script type=\"application\/ld+json\" class=\"yoast-schema-graph\">{\"@context\":\"https:\/\/schema.org\",\"@graph\":[{\"@type\":\"Article\",\"@id\":\"https:\/\/promusicakrosno.pl\/index.php\/2022\/02\/05\/zajecia-muzyczno-plastyczne\/#article\",\"isPartOf\":{\"@id\":\"https:\/\/promusicakrosno.pl\/index.php\/2022\/02\/05\/zajecia-muzyczno-plastyczne\/\"},\"author\":{\"name\":\"admin\",\"@id\":\"https:\/\/promusicakrosno.pl\/#\/schema\/person\/81f8cb27d08bb11ba9c164169f2196ac\"},\"headline\":\"Zaj\u0119cia muzyczno-plastyczne\",\"datePublished\":\"2022-02-05T07:53:24+00:00\",\"mainEntityOfPage\":{\"@id\":\"https:\/\/promusicakrosno.pl\/index.php\/2022\/02\/05\/zajecia-muzyczno-plastyczne\/\"},\"wordCount\":3,\"commentCount\":0,\"publisher\":{\"@id\":\"https:\/\/promusicakrosno.pl\/#organization\"},\"articleSection\":[\"Uncategorized\"],\"inLanguage\":\"pl-PL\",\"potentialAction\":[{\"@type\":\"CommentAction\",\"name\":\"Comment\",\"target\":[\"https:\/\/promusicakrosno.pl\/index.php\/2022\/02\/05\/zajecia-muzyczno-plastyczne\/#respond\"]}]},{\"@type\":\"WebPage\",\"@id\":\"https:\/\/promusicakrosno.pl\/index.php\/2022\/02\/05\/zajecia-muzyczno-plastyczne\/\",\"url\":\"https:\/\/promusicakrosno.pl\/index.php\/2022\/02\/05\/zajecia-muzyczno-plastyczne\/\",\"name\":\"Zaj\u0119cia muzyczno-plastyczne - Szko\u0142a Muzyczna Krosno\",\"isPartOf\":{\"@id\":\"https:\/\/promusicakrosno.pl\/#website\"},\"datePublished\":\"2022-02-05T07:53:24+00:00\",\"description\":\"Prywatna Szko\u0142a Muzyczna Pro Musica I i II stopnia w Kro\u015bnie. Studium wokalno-instrumentalne i zaj\u0119cia artystyczne dla najm\u0142odszych\",\"breadcrumb\":{\"@id\":\"https:\/\/promusicakrosno.pl\/index.php\/2022\/02\/05\/zajecia-muzyczno-plastyczne\/#breadcrumb\"},\"inLanguage\":\"pl-PL\",\"potentialAction\":[{\"@type\":\"ReadAction\",\"target\":[\"https:\/\/promusicakrosno.pl\/index.php\/2022\/02\/05\/zajecia-muzyczno-plastyczne\/\"]}]},{\"@type\":\"BreadcrumbList\",\"@id\":\"https:\/\/promusicakrosno.pl\/index.php\/2022\/02\/05\/zajecia-muzyczno-plastyczne\/#breadcrumb\",\"itemListElement\":[{\"@type\":\"ListItem\",\"position\":1,\"name\":\"Strona g\u0142\u00f3wna\",\"item\":\"https:\/\/promusicakrosno.pl\/\"},{\"@type\":\"ListItem\",\"position\":2,\"name\":\"Zaj\u0119cia muzyczno-plastyczne\"}]},{\"@type\":\"WebSite\",\"@id\":\"https:\/\/promusicakrosno.pl\/#website\",\"url\":\"https:\/\/promusicakrosno.pl\/\",\"name\":\"Szko\u0142a Muzyczna Krosno\",\"description\":\"Pro Musica\",\"publisher\":{\"@id\":\"https:\/\/promusicakrosno.pl\/#organization\"},\"potentialAction\":[{\"@type\":\"SearchAction\",\"target\":{\"@type\":\"EntryPoint\",\"urlTemplate\":\"https:\/\/promusicakrosno.pl\/?s={search_term_string}\"},\"query-input\":{\"@type\":\"PropertyValueSpecification\",\"valueRequired\":true,\"valueName\":\"search_term_string\"}}],\"inLanguage\":\"pl-PL\"},{\"@type\":\"Organization\",\"@id\":\"https:\/\/promusicakrosno.pl\/#organization\",\"name\":\"Szko\u0142a Muzyczna Krosno\",\"url\":\"https:\/\/promusicakrosno.pl\/\",\"logo\":{\"@type\":\"ImageObject\",\"inLanguage\":\"pl-PL\",\"@id\":\"https:\/\/promusicakrosno.pl\/#\/schema\/logo\/image\/\",\"url\":\"https:\/\/promusicakrosno.pl\/wp-content\/uploads\/2022\/02\/logo_png_bez_tla.png\",\"contentUrl\":\"https:\/\/promusicakrosno.pl\/wp-content\/uploads\/2022\/02\/logo_png_bez_tla.png\",\"width\":271,\"height\":159,\"caption\":\"Szko\u0142a Muzyczna Krosno\"},\"image\":{\"@id\":\"https:\/\/promusicakrosno.pl\/#\/schema\/logo\/image\/\"}},{\"@type\":\"Person\",\"@id\":\"https:\/\/promusicakrosno.pl\/#\/schema\/person\/81f8cb27d08bb11ba9c164169f2196ac\",\"name\":\"admin\",\"image\":{\"@type\":\"ImageObject\",\"inLanguage\":\"pl-PL\",\"@id\":\"https:\/\/promusicakrosno.pl\/#\/schema\/person\/image\/\",\"url\":\"https:\/\/secure.gravatar.com\/avatar\/60dd2e89cbc6d753bde740f12e927a41e0866d6ae91bba48feb680620413b74a?s=96&d=mm&r=g\",\"contentUrl\":\"https:\/\/secure.gravatar.com\/avatar\/60dd2e89cbc6d753bde740f12e927a41e0866d6ae91bba48feb680620413b74a?s=96&d=mm&r=g\",\"caption\":\"admin\"},\"sameAs\":[\"http:\/\/www.promusicakrosno.pl\"],\"url\":\"https:\/\/promusicakrosno.pl\/index.php\/author\/admin\/\"}]}<\/script>\n<!-- \/ Yoast SEO plugin. -->","yoast_head_json":{"title":"Zaj\u0119cia muzyczno-plastyczne - Szko\u0142a Muzyczna Krosno","description":"Prywatna Szko\u0142a Muzyczna Pro Musica I i II stopnia w Kro\u015bnie. Studium wokalno-instrumentalne i zaj\u0119cia artystyczne dla najm\u0142odszych","robots":{"index":"index","follow":"follow","max-snippet":"max-snippet:-1","max-image-preview":"max-image-preview:large","max-video-preview":"max-video-preview:-1"},"canonical":"https:\/\/promusicakrosno.pl\/index.php\/2022\/02\/05\/zajecia-muzyczno-plastyczne\/","og_locale":"pl_PL","og_type":"article","og_title":"Zaj\u0119cia muzyczno-plastyczne - Szko\u0142a Muzyczna Krosno","og_description":"Prywatna Szko\u0142a Muzyczna Pro Musica I i II stopnia w Kro\u015bnie. Studium wokalno-instrumentalne i zaj\u0119cia artystyczne dla najm\u0142odszych","og_url":"https:\/\/promusicakrosno.pl\/index.php\/2022\/02\/05\/zajecia-muzyczno-plastyczne\/","og_site_name":"Szko\u0142a Muzyczna Krosno","article_published_time":"2022-02-05T07:53:24+00:00","author":"admin","twitter_card":"summary_large_image","twitter_misc":{"Napisane przez":"admin"},"schema":{"@context":"https:\/\/schema.org","@graph":[{"@type":"Article","@id":"https:\/\/promusicakrosno.pl\/index.php\/2022\/02\/05\/zajecia-muzyczno-plastyczne\/#article","isPartOf":{"@id":"https:\/\/promusicakrosno.pl\/index.php\/2022\/02\/05\/zajecia-muzyczno-plastyczne\/"},"author":{"name":"admin","@id":"https:\/\/promusicakrosno.pl\/#\/schema\/person\/81f8cb27d08bb11ba9c164169f2196ac"},"headline":"Zaj\u0119cia muzyczno-plastyczne","datePublished":"2022-02-05T07:53:24+00:00","mainEntityOfPage":{"@id":"https:\/\/promusicakrosno.pl\/index.php\/2022\/02\/05\/zajecia-muzyczno-plastyczne\/"},"wordCount":3,"commentCount":0,"publisher":{"@id":"https:\/\/promusicakrosno.pl\/#organization"},"articleSection":["Uncategorized"],"inLanguage":"pl-PL","potentialAction":[{"@type":"CommentAction","name":"Comment","target":["https:\/\/promusicakrosno.pl\/index.php\/2022\/02\/05\/zajecia-muzyczno-plastyczne\/#respond"]}]},{"@type":"WebPage","@id":"https:\/\/promusicakrosno.pl\/index.php\/2022\/02\/05\/zajecia-muzyczno-plastyczne\/","url":"https:\/\/promusicakrosno.pl\/index.php\/2022\/02\/05\/zajecia-muzyczno-plastyczne\/","name":"Zaj\u0119cia muzyczno-plastyczne - Szko\u0142a Muzyczna Krosno","isPartOf":{"@id":"https:\/\/promusicakrosno.pl\/#website"},"datePublished":"2022-02-05T07:53:24+00:00","description":"Prywatna Szko\u0142a Muzyczna Pro Musica I i II stopnia w Kro\u015bnie. Studium wokalno-instrumentalne i zaj\u0119cia artystyczne dla najm\u0142odszych","breadcrumb":{"@id":"https:\/\/promusicakrosno.pl\/index.php\/2022\/02\/05\/zajecia-muzyczno-plastyczne\/#breadcrumb"},"inLanguage":"pl-PL","potentialAction":[{"@type":"ReadAction","target":["https:\/\/promusicakrosno.pl\/index.php\/2022\/02\/05\/zajecia-muzyczno-plastyczne\/"]}]},{"@type":"BreadcrumbList","@id":"https:\/\/promusicakrosno.pl\/index.php\/2022\/02\/05\/zajecia-muzyczno-plastyczne\/#breadcrumb","itemListElement":[{"@type":"ListItem","position":1,"name":"Strona g\u0142\u00f3wna","item":"https:\/\/promusicakrosno.pl\/"},{"@type":"ListItem","position":2,"name":"Zaj\u0119cia muzyczno-plastyczne"}]},{"@type":"WebSite","@id":"https:\/\/promusicakrosno.pl\/#website","url":"https:\/\/promusicakrosno.pl\/","name":"Szko\u0142a Muzyczna Krosno","description":"Pro Musica","publisher":{"@id":"https:\/\/promusicakrosno.pl\/#organization"},"potentialAction":[{"@type":"SearchAction","target":{"@type":"EntryPoint","urlTemplate":"https:\/\/promusicakrosno.pl\/?s={search_term_string}"},"query-input":{"@type":"PropertyValueSpecification","valueRequired":true,"valueName":"search_term_string"}}],"inLanguage":"pl-PL"},{"@type":"Organization","@id":"https:\/\/promusicakrosno.pl\/#organization","name":"Szko\u0142a Muzyczna Krosno","url":"https:\/\/promusicakrosno.pl\/","logo":{"@type":"ImageObject","inLanguage":"pl-PL","@id":"https:\/\/promusicakrosno.pl\/#\/schema\/logo\/image\/","url":"https:\/\/promusicakrosno.pl\/wp-content\/uploads\/2022\/02\/logo_png_bez_tla.png","contentUrl":"https:\/\/promusicakrosno.pl\/wp-content\/uploads\/2022\/02\/logo_png_bez_tla.png","width":271,"height":159,"caption":"Szko\u0142a Muzyczna Krosno"},"image":{"@id":"https:\/\/promusicakrosno.pl\/#\/schema\/logo\/image\/"}},{"@type":"Person","@id":"https:\/\/promusicakrosno.pl\/#\/schema\/person\/81f8cb27d08bb11ba9c164169f2196ac","name":"admin","image":{"@type":"ImageObject","inLanguage":"pl-PL","@id":"https:\/\/promusicakrosno.pl\/#\/schema\/person\/image\/","url":"https:\/\/secure.gravatar.com\/avatar\/60dd2e89cbc6d753bde740f12e927a41e0866d6ae91bba48feb680620413b74a?s=96&d=mm&r=g","contentUrl":"https:\/\/secure.gravatar.com\/avatar\/60dd2e89cbc6d753bde740f12e927a41e0866d6ae91bba48feb680620413b74a?s=96&d=mm&r=g","caption":"admin"},"sameAs":["http:\/\/www.promusicakrosno.pl"],"url":"https:\/\/promusicakrosno.pl\/index.php\/author\/admin\/"}]}},"_links":{"self":[{"href":"https:\/\/promusicakrosno.pl\/index.php\/wp-json\/wp\/v2\/posts\/146","targetHints":{"allow":["GET"]}}],"collection":[{"href":"https:\/\/promusicakrosno.pl\/index.php\/wp-json\/wp\/v2\/posts"}],"about":[{"href":"https:\/\/promusicakrosno.pl\/index.php\/wp-json\/wp\/v2\/types\/post"}],"author":[{"embeddable":true,"href":"https:\/\/promusicakrosno.pl\/index.php\/wp-json\/wp\/v2\/users\/1"}],"replies":[{"embeddable":true,"href":"https:\/\/promusicakrosno.pl\/index.php\/wp-json\/wp\/v2\/comments?post=146"}],"version-history":[{"count":1,"href":"https:\/\/promusicakrosno.pl\/index.php\/wp-json\/wp\/v2\/posts\/146\/revisions"}],"predecessor-version":[{"id":147,"href":"https:\/\/promusicakrosno.pl\/index.php\/wp-json\/wp\/v2\/posts\/146\/revisions\/147"}],"wp:attachment":[{"href":"https:\/\/promusicakrosno.pl\/index.php\/wp-json\/wp\/v2\/media?parent=146"}],"wp:term":[{"taxonomy":"category","embeddable":true,"href":"https:\/\/promusicakrosno.pl\/index.php\/wp-json\/wp\/v2\/categories?post=146"},{"taxonomy":"post_tag","embeddable":true,"href":"https:\/\/promusicakrosno.pl\/index.php\/wp-json\/wp\/v2\/tags?post=146"},{"taxonomy":"post_folder","embeddable":true,"href":"https:\/\/promusicakrosno.pl\/index.php\/wp-json\/wp\/v2\/post_folder?post=146"}],"curies":[{"name":"wp","href":"https:\/\/api.w.org\/{rel}","templated":true}]}}